{
    "id": 1395,
    "date": "2025-10-09T04:37:26",
    "date_gmt": "2025-10-08T23:07:26",
    "guid": {
        "rendered": "https:\/\/gaviaspreview.com\/wp\/conult\/?p=47"
    },
    "modified": "2026-08-13T18:10:30",
    "modified_gmt": "2026-08-13T12:40:30",
    "slug": "reforme-2026-des-cheques%e2%80%91repas-ce-qui-change-vraiment-pour-employeurs-et-travailleurs",
    "status": "publish",
    "type": "post",
    "link": "https:\/\/jlmcomptabilite.be\/en\/reforme-2026-des-cheques%e2%80%91repas-ce-qui-change-vraiment-pour-employeurs-et-travailleurs\/",
    "title": {
        "rendered": "R\u00e9forme 2026 des ch\u00e8ques\u2011repas : ce qui change vraiment pour employeurs et travailleurs"
    },
    "content": {
        "rendered": "<div data-elementor-type=\"wp-post\" data-elementor-id=\"1395\" class=\"elementor elementor-1395\" data-elementor-post-type=\"post\">\n\t\t\t\t\t\t<section class=\"elementor-section elementor-top-section elementor-element elementor-element-2463771 elementor-section-boxed elementor-section-height-default elementor-section-height-default\" data-id=\"2463771\" data-element_type=\"section\" data-e-type=\"section\">\n\t\t\t\t\t\t<div class=\"elementor-container elementor-column-gap-default\">\n\t\t\t\t\t<div class=\"elementor-column elementor-col-100 elementor-top-column elementor-element elementor-element-73443a0\" data-id=\"73443a0\" data-element_type=\"column\" data-e-type=\"column\">\n\t\t\t<div class=\"elementor-widget-wrap elementor-element-populated\">\n\t\t\t\t\t\t<div class=\"elementor-element elementor-element-683d81b elementor-widget elementor-widget-text-editor\" data-id=\"683d81b\" data-element_type=\"widget\" data-e-type=\"widget\" data-widget_type=\"text-editor.default\">\n\t\t\t\t\t\t\t\t\t<h2>Un changement attendu : la valeur maximale passe \u00e0 10 \u20ac<\/h2>\n<p>Depuis le <strong>1er janvier 2026<\/strong>, la Belgique a relev\u00e9 la <strong>valeur maximale l\u00e9gale du ch\u00e8que\u2011repas de 8 \u20ac \u00e0 10 \u20ac<\/strong>. Cette \u00e9volution s\u2019inscrit dans une logique de <strong>soutien au pouvoir d\u2019achat<\/strong>, tout en maintenant le statut fiscal avantageux de cet avantage extra\u2011l\u00e9gal.<\/p>\n<p>Historiquement, le plafond de 8 \u20ac \u00e9tait en place depuis plus de dix ans. L\u2019indexation du co\u00fbt de la vie, combin\u00e9e \u00e0 la volont\u00e9 d\u2019encourager les avantages non soumis aux cotisations sociales, a pouss\u00e9 le l\u00e9gislateur \u00e0 moderniser ce dispositif.<\/p>\n<p>Concr\u00e8tement, la r\u00e9forme ajuste les contributions minimales et maximales :<\/p>\n<ul>\n<li><strong>Part employeur<\/strong> : jusqu\u2019\u00e0 <strong>8,91 \u20ac<\/strong> (au lieu de 6,91 \u20ac)<\/li>\n<li><strong>Part travailleur<\/strong> : minimum <strong>1,09 \u20ac<\/strong> (inchang\u00e9)<\/li>\n<li><strong>Valeur totale<\/strong> : <strong>10 \u20ac<\/strong> par jour prest\u00e9<\/li>\n<\/ul>\n<p>Ce rel\u00e8vement reste <strong>optionnel<\/strong> : les entreprises peuvent conserver un montant inf\u00e9rieur, mais la tendance du march\u00e9 RH est clairement \u00e0 l\u2019adoption du nouveau plafond.<\/p>\n<p><strong>Impacts fiscaux : un avantage toujours optimal<\/strong><\/p>\n<p>Du point de vue fiscal, la r\u00e9forme est particuli\u00e8rement int\u00e9ressante.<\/p>\n<h2>Pour l\u2019employeur\u00a0<\/h2>\n<p>Les ch\u00e8ques\u2011repas restent <strong>exon\u00e9r\u00e9s de cotisations ONSS<\/strong>, \u00e0 condition de respecter les r\u00e8gles de base (contribution minimale du travailleur, attribution par jour prest\u00e9, usage alimentaire). La <strong>d\u00e9ductibilit\u00e9 fiscale<\/strong> demeure limit\u00e9e \u00e0 <strong>2 \u20ac<\/strong>, mais une <strong>d\u00e9duction suppl\u00e9mentaire de 2 \u20ac<\/strong> est pr\u00e9vue lorsque l\u2019entreprise augmente la valeur de 8 \u20ac \u00e0 10 \u20ac. R\u00e9sultat : un <strong>co\u00fbt net ma\u00eetris\u00e9<\/strong>, m\u00eame avec une valeur plus \u00e9lev\u00e9e.<\/p>\n<h2>Pour le travailleur\u00a0<\/h2>\n<p>Le ch\u00e8que\u2011repas reste <strong>non imposable<\/strong>, ce qui en fait l\u2019un des avantages les plus efficaces en termes de pouvoir d\u2019achat. Passer \u00e0 10 \u20ac repr\u00e9sente un gain annuel pouvant d\u00e9passer <strong>+400 \u20ac nets<\/strong>, sans impact sur le salaire brut ni sur les cotisations sociales.<\/p>\n<h2>En r\u00e9sum\u00e9<\/h2>\n<p>La r\u00e9forme 2026 modernise un avantage devenu incontournable. Elle offre <strong>plus de pouvoir d\u2019achat<\/strong>, <strong>un co\u00fbt employeur optimis\u00e9<\/strong>, et renforce l\u2019attractivit\u00e9 des packages salariaux sans alourdir la fiscalit\u00e9.<\/p>\n<h2>Vous visez une optimisation fiscale plus performante ?<\/h2>\n<p>JLM Comptabilit\u00e9 met en place un plan structur\u00e9 afin de maximiser les avantages nets tout en ma\u00eetrisant les co\u00fbts employeur.<\/p>\n<p>\u00a0<\/p>\t\t\t\t\t\t\t\t<\/div>\n\t\t\t\t<div class=\"elementor-element elementor-element-d53d8f1 elementor-widget elementor-widget-button\" data-id=\"d53d8f1\" data-element_type=\"widget\" data-e-type=\"widget\" data-widget_type=\"button.default\">\n\t\t\t\t\t\t\t\t\t\t<a class=\"elementor-button elementor-button-link elementor-size-sm\" href=\"https:\/\/jlmcomptabilite.be\/en\/contact\/\">\n\t\t\t\t\t\t<span class=\"elementor-button-content-wrapper\">\n\t\t\t\t\t\t\t\t\t<span class=\"elementor-button-text\">Contactez-nous<\/span>\n\t\t\t\t\t<\/span>\n\t\t\t\t\t<\/a>\n\t\t\t\t\t\t\t\t<\/div>\n\t\t\t\t\t<\/div>\n\t\t<\/div>\n\t\t\t\t\t<\/div>\n\t\t<\/section>\n\t\t\t\t<\/div>",
        "protected": false
    },
    "excerpt": {
        "rendered": "<p>Advancing innovation ensures progress while empowering people for success.<\/p>",
        "protected": false
    },
    "author": 1,
    "featured_media": 2212,
    "comment_status": "closed",
    "ping_status": "closed",
    "sticky": false,
    "template": "",
    "format": "standard",
    "meta": {
        "footnotes": ""
    },
    "categories": [
        61,
        60,
        63,
        62
    ],
    "tags": [
        56,
        52,
        50,
        58,
        54,
        53,
        59,
        57,
        51,
        55
    ],
    "class_list": [
        "post-1395",
        "post",
        "type-post",
        "status-publish",
        "format-standard",
        "has-post-thumbnail",
        "hentry",
        "category-employeur",
        "category-fiscalite",
        "category-pouvoir-dachat",
        "category-travailleur",
        "tag-avantage-extra-legal",
        "tag-belgique",
        "tag-cheques-repas",
        "tag-deductibilite",
        "tag-employeur",
        "tag-fiscalite",
        "tag-onss",
        "tag-pouvoir-dachat",
        "tag-reforme-2026",
        "tag-travailleur"
    ],
    "yoast_head": "<!-- This site is optimized with the Yoast SEO plugin v28.2 - https:\/\/yoast.com\/product\/yoast-seo-wordpress\/ -->\n<title>R\u00e9forme 2026 des ch\u00e8ques\u2011repas : ce qui change vraiment pour employeurs et travailleurs - JLM<\/title>\n<meta name=\"description\" content=\"D\u00e9couvrez la r\u00e9forme 2026 des ch\u00e8ques-repas en Belgique : plafond \u00e0 10 \u20ac, impacts fiscaux, avantages pour employeurs et travailleurs.\" \/>\n<meta name=\"robots\" content=\"index, follow, max-snippet:-1, max-image-preview:large, max-video-preview:-1\" \/>\n<link rel=\"canonical\" href=\"https:\/\/jlmcomptabilite.be\/en\/reforme-2026-des-cheques\u2011repas-ce-qui-change-vraiment-pour-employeurs-et-travailleurs\/\" \/>\n<meta property=\"og:locale\" content=\"en_US\" \/>\n<meta property=\"og:type\" content=\"article\" \/>\n<meta property=\"og:title\" content=\"R\u00e9forme 2026 des ch\u00e8ques-repas en Belgique : ce qui change\" \/>\n<meta property=\"og:description\" content=\"D\u00e9couvrez la r\u00e9forme 2026 des ch\u00e8ques-repas en Belgique : plafond \u00e0 10 \u20ac, impacts fiscaux, avantages pour employeurs et travailleurs.\" \/>\n<meta property=\"og:url\" content=\"https:\/\/jlmcomptabilite.be\/en\/reforme-2026-des-cheques\u2011repas-ce-qui-change-vraiment-pour-employeurs-et-travailleurs\/\" \/>\n<meta property=\"og:site_name\" content=\"JLM\" \/>\n<meta property=\"article:published_time\" content=\"2025-10-08T23:07:26+00:00\" \/>\n<meta property=\"article:modified_time\" content=\"2026-08-13T12:40:30+00:00\" \/>\n<meta property=\"og:image\" content=\"https:\/\/jlmcomptabilite.be\/wp-content\/uploads\/2025\/10\/post-2.jpg\" \/>\n\t<meta property=\"og:image:width\" content=\"1100\" \/>\n\t<meta property=\"og:image:height\" content=\"700\" \/>\n\t<meta property=\"og:image:type\" content=\"image\/jpeg\" \/>\n<meta name=\"author\" content=\"wordpress@yechte.com\" \/>\n<meta name=\"twitter:card\" content=\"summary_large_image\" \/>\n<meta name=\"twitter:label1\" content=\"Written by\" \/>\n\t<meta name=\"twitter:data1\" content=\"wordpress@yechte.com\" \/>\n\t<meta name=\"twitter:label2\" content=\"Est. reading time\" \/>\n\t<meta name=\"twitter:data2\" content=\"2 minutes\" \/>\n<script type=\"application\/ld+json\" class=\"yoast-schema-graph\">{\"@context\":\"https:\\\/\\\/schema.org\",\"@graph\":[{\"@type\":[\"Article\",\"BlogPosting\"],\"@id\":\"https:\\\/\\\/jlmcomptabilite.be\\\/reforme-2026-des-cheques%e2%80%91repas-ce-qui-change-vraiment-pour-employeurs-et-travailleurs\\\/#article\",\"isPartOf\":{\"@id\":\"https:\\\/\\\/jlmcomptabilite.be\\\/reforme-2026-des-cheques%e2%80%91repas-ce-qui-change-vraiment-pour-employeurs-et-travailleurs\\\/\"},\"author\":{\"name\":\"wordpress@yechte.com\",\"@id\":\"https:\\\/\\\/jlmcomptabilite.be\\\/fr\\\/#\\\/schema\\\/person\\\/14a0ef11b4ed62cfaaf63f35e8e311af\"},\"headline\":\"R\u00e9forme 2026 des ch\u00e8ques\u2011repas : ce qui change vraiment pour employeurs et travailleurs\",\"datePublished\":\"2025-10-08T23:07:26+00:00\",\"dateModified\":\"2026-08-13T12:40:30+00:00\",\"mainEntityOfPage\":{\"@id\":\"https:\\\/\\\/jlmcomptabilite.be\\\/reforme-2026-des-cheques%e2%80%91repas-ce-qui-change-vraiment-pour-employeurs-et-travailleurs\\\/\"},\"wordCount\":361,\"publisher\":{\"@id\":\"https:\\\/\\\/jlmcomptabilite.be\\\/fr\\\/#organization\"},\"image\":{\"@id\":\"https:\\\/\\\/jlmcomptabilite.be\\\/reforme-2026-des-cheques%e2%80%91repas-ce-qui-change-vraiment-pour-employeurs-et-travailleurs\\\/#primaryimage\"},\"thumbnailUrl\":\"https:\\\/\\\/jlmcomptabilite.be\\\/wp-content\\\/uploads\\\/2025\\\/10\\\/post-2.jpg\",\"keywords\":[\"avantage extra l\u00e9gal\",\"Belgique\",\"ch\u00e8ques repas\",\"d\u00e9ductibilit\u00e9\",\"employeur\",\"fiscalit\u00e9\",\"ONSS\",\"pouvoir d\u2019achat\",\"r\u00e9forme 2026\",\"travailleur\"],\"articleSection\":[\"Employeur\",\"Fiscalit\u00e9\",\"Pouvoir d\u2019achat\",\"Travailleur\"],\"inLanguage\":\"en-US\"},{\"@type\":\"WebPage\",\"@id\":\"https:\\\/\\\/jlmcomptabilite.be\\\/reforme-2026-des-cheques%e2%80%91repas-ce-qui-change-vraiment-pour-employeurs-et-travailleurs\\\/\",\"url\":\"https:\\\/\\\/jlmcomptabilite.be\\\/reforme-2026-des-cheques%e2%80%91repas-ce-qui-change-vraiment-pour-employeurs-et-travailleurs\\\/\",\"name\":\"R\u00e9forme 2026 des ch\u00e8ques\u2011repas : ce qui change vraiment pour employeurs et travailleurs - JLM\",\"isPartOf\":{\"@id\":\"https:\\\/\\\/jlmcomptabilite.be\\\/fr\\\/#website\"},\"primaryImageOfPage\":{\"@id\":\"https:\\\/\\\/jlmcomptabilite.be\\\/reforme-2026-des-cheques%e2%80%91repas-ce-qui-change-vraiment-pour-employeurs-et-travailleurs\\\/#primaryimage\"},\"image\":{\"@id\":\"https:\\\/\\\/jlmcomptabilite.be\\\/reforme-2026-des-cheques%e2%80%91repas-ce-qui-change-vraiment-pour-employeurs-et-travailleurs\\\/#primaryimage\"},\"thumbnailUrl\":\"https:\\\/\\\/jlmcomptabilite.be\\\/wp-content\\\/uploads\\\/2025\\\/10\\\/post-2.jpg\",\"datePublished\":\"2025-10-08T23:07:26+00:00\",\"dateModified\":\"2026-08-13T12:40:30+00:00\",\"description\":\"D\u00e9couvrez la r\u00e9forme 2026 des ch\u00e8ques-repas en Belgique : plafond \u00e0 10 \u20ac, impacts fiscaux, avantages pour employeurs et travailleurs.\",\"breadcrumb\":{\"@id\":\"https:\\\/\\\/jlmcomptabilite.be\\\/reforme-2026-des-cheques%e2%80%91repas-ce-qui-change-vraiment-pour-employeurs-et-travailleurs\\\/#breadcrumb\"},\"inLanguage\":\"en-US\",\"potentialAction\":[{\"@type\":\"ReadAction\",\"target\":[\"https:\\\/\\\/jlmcomptabilite.be\\\/reforme-2026-des-cheques%e2%80%91repas-ce-qui-change-vraiment-pour-employeurs-et-travailleurs\\\/\"]}]},{\"@type\":\"ImageObject\",\"inLanguage\":\"en-US\",\"@id\":\"https:\\\/\\\/jlmcomptabilite.be\\\/reforme-2026-des-cheques%e2%80%91repas-ce-qui-change-vraiment-pour-employeurs-et-travailleurs\\\/#primaryimage\",\"url\":\"https:\\\/\\\/jlmcomptabilite.be\\\/wp-content\\\/uploads\\\/2025\\\/10\\\/post-2.jpg\",\"contentUrl\":\"https:\\\/\\\/jlmcomptabilite.be\\\/wp-content\\\/uploads\\\/2025\\\/10\\\/post-2.jpg\",\"width\":1100,\"height\":700},{\"@type\":\"BreadcrumbList\",\"@id\":\"https:\\\/\\\/jlmcomptabilite.be\\\/reforme-2026-des-cheques%e2%80%91repas-ce-qui-change-vraiment-pour-employeurs-et-travailleurs\\\/#breadcrumb\",\"itemListElement\":[{\"@type\":\"ListItem\",\"position\":1,\"name\":\"Home\",\"item\":\"https:\\\/\\\/jlmcomptabilite.be\\\/fr\\\/\"},{\"@type\":\"ListItem\",\"position\":2,\"name\":\"R\u00e9forme 2026 des ch\u00e8ques\u2011repas : ce qui change vraiment pour employeurs et travailleurs\"}]},{\"@type\":\"WebSite\",\"@id\":\"https:\\\/\\\/jlmcomptabilite.be\\\/fr\\\/#website\",\"url\":\"https:\\\/\\\/jlmcomptabilite.be\\\/fr\\\/\",\"name\":\"JLM\",\"description\":\"Comptabilit\u00e9 &amp; Expertise Fiscale\",\"publisher\":{\"@id\":\"https:\\\/\\\/jlmcomptabilite.be\\\/fr\\\/#organization\"},\"potentialAction\":[{\"@type\":\"SearchAction\",\"target\":{\"@type\":\"EntryPoint\",\"urlTemplate\":\"https:\\\/\\\/jlmcomptabilite.be\\\/fr\\\/?s={search_term_string}\"},\"query-input\":{\"@type\":\"PropertyValueSpecification\",\"valueRequired\":true,\"valueName\":\"search_term_string\"}}],\"inLanguage\":\"en-US\"},{\"@type\":\"Organization\",\"@id\":\"https:\\\/\\\/jlmcomptabilite.be\\\/fr\\\/#organization\",\"name\":\"JLM\",\"url\":\"https:\\\/\\\/jlmcomptabilite.be\\\/fr\\\/\",\"logo\":{\"@type\":\"ImageObject\",\"inLanguage\":\"en-US\",\"@id\":\"https:\\\/\\\/jlmcomptabilite.be\\\/fr\\\/#\\\/schema\\\/logo\\\/image\\\/\",\"url\":\"https:\\\/\\\/jlmcomptabilite.be\\\/wp-content\\\/uploads\\\/2021\\\/10\\\/logo-svg-03-11.svg\",\"contentUrl\":\"https:\\\/\\\/jlmcomptabilite.be\\\/wp-content\\\/uploads\\\/2021\\\/10\\\/logo-svg-03-11.svg\",\"width\":111,\"height\":57,\"caption\":\"JLM\"},\"image\":{\"@id\":\"https:\\\/\\\/jlmcomptabilite.be\\\/fr\\\/#\\\/schema\\\/logo\\\/image\\\/\"}},{\"@type\":\"Person\",\"@id\":\"https:\\\/\\\/jlmcomptabilite.be\\\/fr\\\/#\\\/schema\\\/person\\\/14a0ef11b4ed62cfaaf63f35e8e311af\",\"name\":\"wordpress@yechte.com\",\"image\":{\"@type\":\"ImageObject\",\"inLanguage\":\"en-US\",\"@id\":\"https:\\\/\\\/secure.gravatar.com\\\/avatar\\\/d0c00aa2dbb3cf1f5fb35a9a3747831ea2a6715c4d9123658dcc22bf2bb313f2?s=96&d=robohash&r=g\",\"url\":\"https:\\\/\\\/secure.gravatar.com\\\/avatar\\\/d0c00aa2dbb3cf1f5fb35a9a3747831ea2a6715c4d9123658dcc22bf2bb313f2?s=96&d=robohash&r=g\",\"contentUrl\":\"https:\\\/\\\/secure.gravatar.com\\\/avatar\\\/d0c00aa2dbb3cf1f5fb35a9a3747831ea2a6715c4d9123658dcc22bf2bb313f2?s=96&d=robohash&r=g\",\"caption\":\"wordpress@yechte.com\"},\"sameAs\":[\"http:\\\/\\\/jlm.yechte.in\"],\"url\":\"https:\\\/\\\/jlmcomptabilite.be\\\/en\\\/author\\\/h-islamyechte-com\\\/\"}]}<\/script>\n<!-- \/ Yoast SEO plugin. -->",
    "yoast_head_json": {
        "title": "R\u00e9forme 2026 des ch\u00e8ques\u2011repas : ce qui change vraiment pour employeurs et travailleurs - JLM",
        "description": "D\u00e9couvrez la r\u00e9forme 2026 des ch\u00e8ques-repas en Belgique : plafond \u00e0 10 \u20ac, impacts fiscaux, avantages pour employeurs et travailleurs.",
        "robots": {
            "index": "index",
            "follow": "follow",
            "max-snippet": "max-snippet:-1",
            "max-image-preview": "max-image-preview:large",
            "max-video-preview": "max-video-preview:-1"
        },
        "canonical": "https:\/\/jlmcomptabilite.be\/en\/reforme-2026-des-cheques\u2011repas-ce-qui-change-vraiment-pour-employeurs-et-travailleurs\/",
        "og_locale": "en_US",
        "og_type": "article",
        "og_title": "R\u00e9forme 2026 des ch\u00e8ques-repas en Belgique : ce qui change",
        "og_description": "D\u00e9couvrez la r\u00e9forme 2026 des ch\u00e8ques-repas en Belgique : plafond \u00e0 10 \u20ac, impacts fiscaux, avantages pour employeurs et travailleurs.",
        "og_url": "https:\/\/jlmcomptabilite.be\/en\/reforme-2026-des-cheques\u2011repas-ce-qui-change-vraiment-pour-employeurs-et-travailleurs\/",
        "og_site_name": "JLM",
        "article_published_time": "2025-10-08T23:07:26+00:00",
        "article_modified_time": "2026-08-13T12:40:30+00:00",
        "og_image": [
            {
                "width": 1100,
                "height": 700,
                "url": "https:\/\/jlmcomptabilite.be\/wp-content\/uploads\/2025\/10\/post-2.jpg",
                "type": "image\/jpeg"
            }
        ],
        "author": "wordpress@yechte.com",
        "twitter_card": "summary_large_image",
        "twitter_misc": {
            "Written by": "wordpress@yechte.com",
            "Est. reading time": "2 minutes"
        },
        "schema": {
            "@context": "https:\/\/schema.org",
            "@graph": [
                {
                    "@type": [
                        "Article",
                        "BlogPosting"
                    ],
                    "@id": "https:\/\/jlmcomptabilite.be\/reforme-2026-des-cheques%e2%80%91repas-ce-qui-change-vraiment-pour-employeurs-et-travailleurs\/#article",
                    "isPartOf": {
                        "@id": "https:\/\/jlmcomptabilite.be\/reforme-2026-des-cheques%e2%80%91repas-ce-qui-change-vraiment-pour-employeurs-et-travailleurs\/"
                    },
                    "author": {
                        "name": "wordpress@yechte.com",
                        "@id": "https:\/\/jlmcomptabilite.be\/fr\/#\/schema\/person\/14a0ef11b4ed62cfaaf63f35e8e311af"
                    },
                    "headline": "R\u00e9forme 2026 des ch\u00e8ques\u2011repas : ce qui change vraiment pour employeurs et travailleurs",
                    "datePublished": "2025-10-08T23:07:26+00:00",
                    "dateModified": "2026-08-13T12:40:30+00:00",
                    "mainEntityOfPage": {
                        "@id": "https:\/\/jlmcomptabilite.be\/reforme-2026-des-cheques%e2%80%91repas-ce-qui-change-vraiment-pour-employeurs-et-travailleurs\/"
                    },
                    "wordCount": 361,
                    "publisher": {
                        "@id": "https:\/\/jlmcomptabilite.be\/fr\/#organization"
                    },
                    "image": {
                        "@id": "https:\/\/jlmcomptabilite.be\/reforme-2026-des-cheques%e2%80%91repas-ce-qui-change-vraiment-pour-employeurs-et-travailleurs\/#primaryimage"
                    },
                    "thumbnailUrl": "https:\/\/jlmcomptabilite.be\/wp-content\/uploads\/2025\/10\/post-2.jpg",
                    "keywords": [
                        "avantage extra l\u00e9gal",
                        "Belgique",
                        "ch\u00e8ques repas",
                        "d\u00e9ductibilit\u00e9",
                        "employeur",
                        "fiscalit\u00e9",
                        "ONSS",
                        "pouvoir d\u2019achat",
                        "r\u00e9forme 2026",
                        "travailleur"
                    ],
                    "articleSection": [
                        "Employeur",
                        "Fiscalit\u00e9",
                        "Pouvoir d\u2019achat",
                        "Travailleur"
                    ],
                    "inLanguage": "en-US"
                },
                {
                    "@type": "WebPage",
                    "@id": "https:\/\/jlmcomptabilite.be\/reforme-2026-des-cheques%e2%80%91repas-ce-qui-change-vraiment-pour-employeurs-et-travailleurs\/",
                    "url": "https:\/\/jlmcomptabilite.be\/reforme-2026-des-cheques%e2%80%91repas-ce-qui-change-vraiment-pour-employeurs-et-travailleurs\/",
                    "name": "R\u00e9forme 2026 des ch\u00e8ques\u2011repas : ce qui change vraiment pour employeurs et travailleurs - JLM",
                    "isPartOf": {
                        "@id": "https:\/\/jlmcomptabilite.be\/fr\/#website"
                    },
                    "primaryImageOfPage": {
                        "@id": "https:\/\/jlmcomptabilite.be\/reforme-2026-des-cheques%e2%80%91repas-ce-qui-change-vraiment-pour-employeurs-et-travailleurs\/#primaryimage"
                    },
                    "image": {
                        "@id": "https:\/\/jlmcomptabilite.be\/reforme-2026-des-cheques%e2%80%91repas-ce-qui-change-vraiment-pour-employeurs-et-travailleurs\/#primaryimage"
                    },
                    "thumbnailUrl": "https:\/\/jlmcomptabilite.be\/wp-content\/uploads\/2025\/10\/post-2.jpg",
                    "datePublished": "2025-10-08T23:07:26+00:00",
                    "dateModified": "2026-08-13T12:40:30+00:00",
                    "description": "D\u00e9couvrez la r\u00e9forme 2026 des ch\u00e8ques-repas en Belgique : plafond \u00e0 10 \u20ac, impacts fiscaux, avantages pour employeurs et travailleurs.",
                    "breadcrumb": {
                        "@id": "https:\/\/jlmcomptabilite.be\/reforme-2026-des-cheques%e2%80%91repas-ce-qui-change-vraiment-pour-employeurs-et-travailleurs\/#breadcrumb"
                    },
                    "inLanguage": "en-US",
                    "potentialAction": [
                        {
                            "@type": "ReadAction",
                            "target": [
                                "https:\/\/jlmcomptabilite.be\/reforme-2026-des-cheques%e2%80%91repas-ce-qui-change-vraiment-pour-employeurs-et-travailleurs\/"
                            ]
                        }
                    ]
                },
                {
                    "@type": "ImageObject",
                    "inLanguage": "en-US",
                    "@id": "https:\/\/jlmcomptabilite.be\/reforme-2026-des-cheques%e2%80%91repas-ce-qui-change-vraiment-pour-employeurs-et-travailleurs\/#primaryimage",
                    "url": "https:\/\/jlmcomptabilite.be\/wp-content\/uploads\/2025\/10\/post-2.jpg",
                    "contentUrl": "https:\/\/jlmcomptabilite.be\/wp-content\/uploads\/2025\/10\/post-2.jpg",
                    "width": 1100,
                    "height": 700
                },
                {
                    "@type": "BreadcrumbList",
                    "@id": "https:\/\/jlmcomptabilite.be\/reforme-2026-des-cheques%e2%80%91repas-ce-qui-change-vraiment-pour-employeurs-et-travailleurs\/#breadcrumb",
                    "itemListElement": [
                        {
                            "@type": "ListItem",
                            "position": 1,
                            "name": "Home",
                            "item": "https:\/\/jlmcomptabilite.be\/fr\/"
                        },
                        {
                            "@type": "ListItem",
                            "position": 2,
                            "name": "R\u00e9forme 2026 des ch\u00e8ques\u2011repas : ce qui change vraiment pour employeurs et travailleurs"
                        }
                    ]
                },
                {
                    "@type": "WebSite",
                    "@id": "https:\/\/jlmcomptabilite.be\/fr\/#website",
                    "url": "https:\/\/jlmcomptabilite.be\/fr\/",
                    "name": "JLM",
                    "description": "Comptabilit\u00e9 &amp; Expertise Fiscale",
                    "publisher": {
                        "@id": "https:\/\/jlmcomptabilite.be\/fr\/#organization"
                    },
                    "potentialAction": [
                        {
                            "@type": "SearchAction",
                            "target": {
                                "@type": "EntryPoint",
                                "urlTemplate": "https:\/\/jlmcomptabilite.be\/fr\/?s={search_term_string}"
                            },
                            "query-input": {
                                "@type": "PropertyValueSpecification",
                                "valueRequired": true,
                                "valueName": "search_term_string"
                            }
                        }
                    ],
                    "inLanguage": "en-US"
                },
                {
                    "@type": "Organization",
                    "@id": "https:\/\/jlmcomptabilite.be\/fr\/#organization",
                    "name": "JLM",
                    "url": "https:\/\/jlmcomptabilite.be\/fr\/",
                    "logo": {
                        "@type": "ImageObject",
                        "inLanguage": "en-US",
                        "@id": "https:\/\/jlmcomptabilite.be\/fr\/#\/schema\/logo\/image\/",
                        "url": "https:\/\/jlmcomptabilite.be\/wp-content\/uploads\/2021\/10\/logo-svg-03-11.svg",
                        "contentUrl": "https:\/\/jlmcomptabilite.be\/wp-content\/uploads\/2021\/10\/logo-svg-03-11.svg",
                        "width": 111,
                        "height": 57,
                        "caption": "JLM"
                    },
                    "image": {
                        "@id": "https:\/\/jlmcomptabilite.be\/fr\/#\/schema\/logo\/image\/"
                    }
                },
                {
                    "@type": "Person",
                    "@id": "https:\/\/jlmcomptabilite.be\/fr\/#\/schema\/person\/14a0ef11b4ed62cfaaf63f35e8e311af",
                    "name": "wordpress@yechte.com",
                    "image": {
                        "@type": "ImageObject",
                        "inLanguage": "en-US",
                        "@id": "https:\/\/secure.gravatar.com\/avatar\/d0c00aa2dbb3cf1f5fb35a9a3747831ea2a6715c4d9123658dcc22bf2bb313f2?s=96&d=robohash&r=g",
                        "url": "https:\/\/secure.gravatar.com\/avatar\/d0c00aa2dbb3cf1f5fb35a9a3747831ea2a6715c4d9123658dcc22bf2bb313f2?s=96&d=robohash&r=g",
                        "contentUrl": "https:\/\/secure.gravatar.com\/avatar\/d0c00aa2dbb3cf1f5fb35a9a3747831ea2a6715c4d9123658dcc22bf2bb313f2?s=96&d=robohash&r=g",
                        "caption": "wordpress@yechte.com"
                    },
                    "sameAs": [
                        "http:\/\/jlm.yechte.in"
                    ],
                    "url": "https:\/\/jlmcomptabilite.be\/en\/author\/h-islamyechte-com\/"
                }
            ]
        }
    },
    "_links": {
        "self": [
            {
                "href": "https:\/\/jlmcomptabilite.be\/en\/wp-json\/wp\/v2\/posts\/1395",
                "targetHints": {
                    "allow": [
                        "GET"
                    ]
                }
            }
        ],
        "collection": [
            {
                "href": "https:\/\/jlmcomptabilite.be\/en\/wp-json\/wp\/v2\/posts"
            }
        ],
        "about": [
            {
                "href": "https:\/\/jlmcomptabilite.be\/en\/wp-json\/wp\/v2\/types\/post"
            }
        ],
        "author": [
            {
                "embeddable": true,
                "href": "https:\/\/jlmcomptabilite.be\/en\/wp-json\/wp\/v2\/users\/1"
            }
        ],
        "replies": [
            {
                "embeddable": true,
                "href": "https:\/\/jlmcomptabilite.be\/en\/wp-json\/wp\/v2\/comments?post=1395"
            }
        ],
        "version-history": [
            {
                "count": 11,
                "href": "https:\/\/jlmcomptabilite.be\/en\/wp-json\/wp\/v2\/posts\/1395\/revisions"
            }
        ],
        "predecessor-version": [
            {
                "id": 2224,
                "href": "https:\/\/jlmcomptabilite.be\/en\/wp-json\/wp\/v2\/posts\/1395\/revisions\/2224"
            }
        ],
        "wp:featuredmedia": [
            {
                "embeddable": true,
                "href": "https:\/\/jlmcomptabilite.be\/en\/wp-json\/wp\/v2\/media\/2212"
            }
        ],
        "wp:attachment": [
            {
                "href": "https:\/\/jlmcomptabilite.be\/en\/wp-json\/wp\/v2\/media?parent=1395"
            }
        ],
        "wp:term": [
            {
                "taxonomy": "category",
                "embeddable": true,
                "href": "https:\/\/jlmcomptabilite.be\/en\/wp-json\/wp\/v2\/categories?post=1395"
            },
            {
                "taxonomy": "post_tag",
                "embeddable": true,
                "href": "https:\/\/jlmcomptabilite.be\/en\/wp-json\/wp\/v2\/tags?post=1395"
            }
        ],
        "curies": [
            {
                "name": "wp",
                "href": "https:\/\/api.w.org\/{rel}",
                "templated": true
            }
        ]
    }
}